{"id":1679,"date":"2026-02-05T13:48:01","date_gmt":"2026-02-05T13:48:01","guid":{"rendered":"https:\/\/xn--landya-eya.no\/?p=1679"},"modified":"2026-02-05T13:48:05","modified_gmt":"2026-02-05T13:48:05","slug":"samenes-nasjonaldag","status":"publish","type":"post","link":"https:\/\/xn--landya-eya.no\/?p=1679","title":{"rendered":"Samenes nasjonaldag\u00a0"},"content":{"rendered":"\n<p class=\"wp-block-paragraph\">Samenes nasjonaldag feires den 6. februar for \u00e5 minnes om det aller f\u00f8rste samiske landsm\u00f8tet den 6. februar 1917, som markerte en start p\u00e5 arbeidet for felles samiske rettigheter p\u00e5 tvers av landegrensene.<\/p>\n\n\n\n<p class=\"wp-block-paragraph\"><strong>Dagens opprinnelse&nbsp;<\/strong><\/p>\n\n\n\n<p class=\"wp-block-paragraph\">Samenes f\u00f8rste landsm\u00f8te ble holdt i 1917, m\u00f8tet ble invitert for \u00e5 samle samer p\u00e5 tvers av landegrensene.&nbsp; M\u00f8tet var en minneverdig markering for samenes rettigheter, spesielt skole, midt under fornorskningspolitikken. 6. februar er i dag Samefolkets nasjonaldag til minne om dette. Rundt denne tiden ble samer d\u00e5rlig behandlet av myndighetene og fikk for eksempel ikke lov til \u00e5 snakke samisk p\u00e5 skolen. Landsm\u00f8tet ble startet for at samene skulle kunne st\u00e5 sammen mot denne behandlingen og ta vare p\u00e5 sin egen kultur og sine rettigheter.&nbsp;<img fetchpriority=\"high\" decoding=\"async\" src=\"blob:https:\/\/xn--landya-eya.no\/656379fb-4dec-424e-ac0e-bee8d5fa3cfc\" width=\"314\" height=\"220\"><\/p>\n\n\n\n<p class=\"wp-block-paragraph\"><strong>Markering av dagen&nbsp;<\/strong><\/p>\n\n\n\n<p class=\"wp-block-paragraph\">Samene markerer denne dagen med \u00e5 bruke kofte, heise flakket, joike, synge nasjonalsangen og tradisjonell samisk mat. I tillegg markeres samisk kultur, spr\u00e5k og identitet, denne dagen markeres i kirker over hele Norge. I Norge feires Samefolkets dag den 6. februar med markeringer som flaggheising, konserter og kulturelle arrangementer, spesielt i de samiske omr\u00e5dene. Parader, taler og festgudstjenester setter fokus p\u00e5 samisk kultur, historie og rettigheter. Skoler og organisasjoner arrangerer ogs\u00e5 aktiviteter for \u00e5 \u00f8ke bevisstheten om samisk arv.<\/p>\n\n\n\n<p class=\"wp-block-paragraph\">I Oslo er det blitt en hyggelig tradisjon at ordf\u00f8reren inviterer samer fra hele \u00f8stlandsomr\u00e5det p\u00e5 frokost denne dagen. P\u00e5 skoler og barnehager l\u00e6rer man om samenes nasjonaldag noen dager f\u00f8r.&nbsp;<\/p>\n\n\n\n<p class=\"wp-block-paragraph\"><strong>Hvor holder de til?&nbsp;<\/strong><\/p>\n\n\n\n<p class=\"wp-block-paragraph\">Samene bor i de nordlige omr\u00e5dene av landene Norge, Sverige, Finland og Russland, i et omr\u00e5de kjent som Sapmi. Mange samer bor i byene i dag, men de fleste er fortsatt knyttet til sine tradisjonelle omr\u00e5der, hvor de driver med aktiviteter som reindrift, fiske og h\u00e5ndverk.&nbsp;<\/p>\n\n\n\n<p class=\"wp-block-paragraph\"><strong>Hvorfor er det viktig \u00e5 huske p\u00e5 denne dagen?&nbsp;<\/strong><\/p>\n\n\n\n<p class=\"wp-block-paragraph\">Det er viktig \u00e5 huske p\u00e5 samenes nasjonaldag fordi det viser at den samiske kulturen er levende og sterk i dag. Etter mange \u00e5r der samer ble nektet \u00e5 snakke spr\u00e5ket sitt, er denne dagen en sjanse til \u00e5 vise stolthet gjennom kofte, joik og flagg. N\u00e5r vi har det g\u00f8y sammen og l\u00e6rer om samisk historie, fjerner vi fordommer og bygger et fellesskap som alle skal f\u00f8le seg velkomne. Ved \u00e5 feire med glede viser vi at samene ikke bare har en viktig historie, men ogs\u00e5 en stolt framtid.Samenes nasjonaldag feires 6. februar til minne om det aller f\u00f8rste samiske landsm\u00f8tet i 1917. Dette m\u00f8tet var starten p\u00e5 samenes felles kamp for rettigheter og mot d\u00e5rlig behandling fra myndighetene. I dag markeres dagen over hele Sapmi med stolthet gjennom bruk av kofte, flaggheising, mat og joik.\u00a0<\/p>\n\n\n\n<figure class=\"wp-block-image size-full is-resized\"><img decoding=\"async\" width=\"1024\" height=\"682\" src=\"https:\/\/xn--landya-eya.no\/wp-content\/uploads\/2026\/02\/image.jpeg\" alt=\"\" class=\"wp-image-1680\" style=\"aspect-ratio:1.501605334650531;width:406px;height:auto\" srcset=\"https:\/\/xn--landya-eya.no\/wp-content\/uploads\/2026\/02\/image.jpeg 1024w, https:\/\/xn--landya-eya.no\/wp-content\/uploads\/2026\/02\/image-300x200.jpeg 300w, https:\/\/xn--landya-eya.no\/wp-content\/uploads\/2026\/02\/image-768x512.jpeg 768w\" sizes=\"(max-width: 1024px) 100vw, 1024px\" \/><\/figure>\n\n\n\n<p class=\"wp-block-paragraph\">Laget av Amalie og Signe den 5 februar<\/p>\n","protected":false},"excerpt":{"rendered":"<p>Samenes nasjonaldag feires den 6. februar for \u00e5 minnes om det aller f\u00f8rste samiske landsm\u00f8tet den 6. februar 1917, som markerte en start p\u00e5 arbeidet for felles samiske rettigheter p\u00e5 tvers av landegrensene. Dagens opprinnelse&nbsp; Samenes f\u00f8rste landsm\u00f8te ble holdt i 1917, m\u00f8tet ble invitert for \u00e5 samle samer p\u00e5 tvers av landegrensene.&nbsp; M\u00f8tet var&#8230;<\/p>\n","protected":false},"author":1,"featured_media":0,"comment_status":"open","ping_status":"closed","sticky":false,"template":"","format":"standard","meta":{"pagelayer_contact_templates":[],"_pagelayer_content":"","footnotes":""},"categories":[1],"tags":[],"class_list":["post-1679","post","type-post","status-publish","format-standard","hentry","category-nyhet"],"_links":{"self":[{"href":"https:\/\/xn--landya-eya.no\/index.php?rest_route=\/wp\/v2\/posts\/1679","targetHints":{"allow":["GET"]}}],"collection":[{"href":"https:\/\/xn--landya-eya.no\/index.php?rest_route=\/wp\/v2\/posts"}],"about":[{"href":"https:\/\/xn--landya-eya.no\/index.php?rest_route=\/wp\/v2\/types\/post"}],"author":[{"embeddable":true,"href":"https:\/\/xn--landya-eya.no\/index.php?rest_route=\/wp\/v2\/users\/1"}],"replies":[{"embeddable":true,"href":"https:\/\/xn--landya-eya.no\/index.php?rest_route=%2Fwp%2Fv2%2Fcomments&post=1679"}],"version-history":[{"count":1,"href":"https:\/\/xn--landya-eya.no\/index.php?rest_route=\/wp\/v2\/posts\/1679\/revisions"}],"predecessor-version":[{"id":1681,"href":"https:\/\/xn--landya-eya.no\/index.php?rest_route=\/wp\/v2\/posts\/1679\/revisions\/1681"}],"wp:attachment":[{"href":"https:\/\/xn--landya-eya.no\/index.php?rest_route=%2Fwp%2Fv2%2Fmedia&parent=1679"}],"wp:term":[{"taxonomy":"category","embeddable":true,"href":"https:\/\/xn--landya-eya.no\/index.php?rest_route=%2Fwp%2Fv2%2Fcategories&post=1679"},{"taxonomy":"post_tag","embeddable":true,"href":"https:\/\/xn--landya-eya.no\/index.php?rest_route=%2Fwp%2Fv2%2Ftags&post=1679"}],"curies":[{"name":"wp","href":"https:\/\/api.w.org\/{rel}","templated":true}]}}